{"id":1712,"date":"2025-09-05T18:29:46","date_gmt":"2025-09-05T16:29:46","guid":{"rendered":"https:\/\/tischlerei-stegemann.de\/wordpress\/?p=1712"},"modified":"2025-09-05T18:39:00","modified_gmt":"2025-09-05T16:39:00","slug":"baumpflanz-challenge","status":"publish","type":"post","link":"https:\/\/tischlerei-stegemann.de\/wordpress\/index.php\/2025\/09\/05\/baumpflanz-challenge\/","title":{"rendered":"Baumpflanz-Challenge"},"content":{"rendered":"<div class=\"wpb-content-wrapper\"><p>[vc_row][vc_column][vc_column_text css=&#8220;&#8220;]Wir haben uns der Baumpflanz-Challenge gestellt &#8211; und mit Freude gepflanzt! Nominiert von Essmann&#8217;s Backstube.<\/p>\n<p>Als Tischlerei arbeiten wir t\u00e4glich mit Holz, einem der wertvollsten und nachhaltigsten Werkstoffe \u00fcberhaupt. Jeder Baum erz\u00e4hlt eine Geschichte, und wir wissen genau, wie viel handwerkliche Qualit\u00e4t und W\u00e4rme in ihm steckt.<\/p>\n<p>Darum war es f\u00fcr uns selbstverst\u00e4ndlich, nicht nur Holz zu verarbeiten, sondern der Natur auch etwas zur\u00fcckzugeben. Mit unserer Pflanzaktion m\u00f6chten wir ein Zeichen setzen &#8211; f\u00fcr Nachhaltigkeit, Verantwortung und f\u00fcr die Wertsch\u00e4tzung des Materials, das unsere Arbeit erst m\u00f6glich macht.<\/p>\n<p>So verbinden wir Tradition und Zukunft. Nur, wenn wir heute neue B\u00e4ume setzen, k\u00f6nnen auch kommende Generationen auf die Kraft und Sch\u00f6nheit des Holzes bauen.<\/p>\n<div id=\"wpfp_1\" data-item=\"{&quot;sources&quot;:[{&quot;src&quot;:&quot;https:\\\/\\\/videos.files.wordpress.com\\\/Vl0thjeC\\\/20250905_113416.mp4&quot;,&quot;type&quot;:&quot;video\\\/mp4&quot;}],&quot;id&quot;:&quot;1&quot;}\" class=\"freedomplayer flowplayer no-brand is-splash is-paused skin-slim no-svg fp-slim fp-edgy\" style=\"position:relative; max-width: 1280px; max-height: 720px; \" data-ratio=\"0.5625\" data-player-id=\"1\">\n\t<div class=\"fp-ratio\" style=\"padding-top: 56.25%\"><\/div>\n\t<div class=\"fp-ui\" style=\"position:absolute\"><noscript>Please enable JavaScript<\/noscript><div class=\"fp-play fp-visible\"><svg class=\"fp-play-sharp-fill\" xmlns=\"http:\/\/www.w3.org\/2000\/svg\" viewBox=\"0 0 100 100\"><defs><style>.fp-color-play{opacity:0.65;}.controlbutton{fill:#fff;}<\/style><\/defs><title>play-sharp-fill<\/title><path class=\"fp-color-play\" d=\"M49.9217-.078a50,50,0,1,0,50,50A50.0564,50.0564,0,0,0,49.9217-.078Z\"\/><polygon class=\"controlbutton\" points=\"73.601 50 37.968 70.573 37.968 29.427 73.601 50\" filter=\"url(#f1)\"\/><\/svg><\/div><div class=\"fp-preload\"><b><\/b><b><\/b><b><\/b><b><\/b><\/div><\/div>\n\n<\/div>\n[\/vc_column_text][\/vc_column][\/vc_row]<\/p>\n<\/div>","protected":false},"excerpt":{"rendered":"<p>[vc_row][vc_column][vc_column_text css=&#8220;&#8220;]Wir haben uns der Baumpflanz-Challenge gestellt &#8211; und mit Freude gepflanzt! Nominiert von Essmann&#8217;s Backstube. Als Tischlerei arbeiten wir t\u00e4glich mit Holz, einem der wertvollsten und nachhaltigsten Werkstoffe \u00fcberhaupt. Jeder Baum erz\u00e4hlt eine Geschichte, und wir wissen genau, wie viel handwerkliche Qualit\u00e4t und W\u00e4rme in ihm steckt. Darum war es f\u00fcr uns selbstverst\u00e4ndlich, nicht&hellip;<\/p>\n","protected":false},"author":1,"featured_media":0,"comment_status":"open","ping_status":"open","sticky":false,"template":"","format":"standard","meta":{"_jetpack_memberships_contains_paid_content":false,"footnotes":"","jetpack_publicize_message":"","jetpack_publicize_feature_enabled":true,"jetpack_social_post_already_shared":true,"jetpack_social_options":{"image_generator_settings":{"template":"highway","default_image_id":0,"font":"","enabled":false},"version":2}},"categories":[1,8],"tags":[234,233,247,244,188,239,245,243,235,237,242,240,54,81,238,236,246,241,183],"class_list":["post-1712","post","type-post","status-publish","format-standard","hentry","category-allgemein","category-blog","tag-baeume-pflanzen","tag-baumpflanz-challenge","tag-essmanns-backstube","tag-generationen","tag-handwerk","tag-holz","tag-holzverarbeitung","tag-klimaschutz","tag-nachhaltigkeit","tag-natur","tag-pflanzaktion","tag-ressourcenschutz","tag-tischlerei","tag-tradition","tag-umwelt","tag-verantwortung","tag-werkstoff","tag-wertschaetzung","tag-zukunft","category-1","category-8","description-off"],"yoast_head":"<!-- This site is optimized with the Yoast SEO plugin v27.5 - https:\/\/yoast.com\/product\/yoast-seo-wordpress\/ -->\n<title>Baumpflanz-Challenge - Tischlerei Stegemann<\/title>\n<meta name=\"robots\" content=\"index, follow, max-snippet:-1, max-image-preview:large, max-video-preview:-1\" \/>\n<link rel=\"canonical\" href=\"https:\/\/tischlerei-stegemann.de\/wordpress\/index.php\/2025\/09\/05\/baumpflanz-challenge\/\" \/>\n<meta property=\"og:locale\" content=\"de_DE\" \/>\n<meta property=\"og:type\" content=\"article\" \/>\n<meta property=\"og:title\" content=\"Baumpflanz-Challenge - Tischlerei Stegemann\" \/>\n<meta property=\"og:description\" content=\"[vc_row][vc_column][vc_column_text css=&#8220;&#8220;]Wir haben uns der Baumpflanz-Challenge gestellt &#8211; und mit Freude gepflanzt! Nominiert von Essmann&#8217;s Backstube. Als Tischlerei arbeiten wir t\u00e4glich mit Holz, einem der wertvollsten und nachhaltigsten Werkstoffe \u00fcberhaupt. Jeder Baum erz\u00e4hlt eine Geschichte, und wir wissen genau, wie viel handwerkliche Qualit\u00e4t und W\u00e4rme in ihm steckt. Darum war es f\u00fcr uns selbstverst\u00e4ndlich, nicht&hellip;\" \/>\n<meta property=\"og:url\" content=\"https:\/\/tischlerei-stegemann.de\/wordpress\/index.php\/2025\/09\/05\/baumpflanz-challenge\/\" \/>\n<meta property=\"og:site_name\" content=\"Tischlerei Stegemann\" \/>\n<meta property=\"article:publisher\" content=\"https:\/\/www.facebook.com\/profile.php?id=100092535129653\" \/>\n<meta property=\"article:published_time\" content=\"2025-09-05T16:29:46+00:00\" \/>\n<meta property=\"article:modified_time\" content=\"2025-09-05T16:39:00+00:00\" \/>\n<meta name=\"author\" content=\"Christian Meesters\" \/>\n<meta name=\"twitter:card\" content=\"summary_large_image\" \/>\n<meta name=\"twitter:label1\" content=\"Verfasst von\" \/>\n\t<meta name=\"twitter:data1\" content=\"Christian Meesters\" \/>\n\t<meta name=\"twitter:label2\" content=\"Gesch\u00e4tzte Lesezeit\" \/>\n\t<meta name=\"twitter:data2\" content=\"1\u00a0Minute\" \/>\n<script type=\"application\/ld+json\" class=\"yoast-schema-graph\">{\"@context\":\"https:\\\/\\\/schema.org\",\"@graph\":[{\"@type\":\"Article\",\"@id\":\"https:\\\/\\\/tischlerei-stegemann.de\\\/wordpress\\\/index.php\\\/2025\\\/09\\\/05\\\/baumpflanz-challenge\\\/#article\",\"isPartOf\":{\"@id\":\"https:\\\/\\\/tischlerei-stegemann.de\\\/wordpress\\\/index.php\\\/2025\\\/09\\\/05\\\/baumpflanz-challenge\\\/\"},\"author\":{\"name\":\"Christian Meesters\",\"@id\":\"https:\\\/\\\/tischlerei-stegemann.de\\\/wordpress\\\/#\\\/schema\\\/person\\\/edbcf21b9573eec0609596f46eae2168\"},\"headline\":\"Baumpflanz-Challenge\",\"datePublished\":\"2025-09-05T16:29:46+00:00\",\"dateModified\":\"2025-09-05T16:39:00+00:00\",\"mainEntityOfPage\":{\"@id\":\"https:\\\/\\\/tischlerei-stegemann.de\\\/wordpress\\\/index.php\\\/2025\\\/09\\\/05\\\/baumpflanz-challenge\\\/\"},\"wordCount\":147,\"commentCount\":0,\"publisher\":{\"@id\":\"https:\\\/\\\/tischlerei-stegemann.de\\\/wordpress\\\/#organization\"},\"keywords\":[\"B\u00e4ume pflanzen\",\"Baumpflanz-Challenge\",\"Essmann\u2019s Backstube\",\"Generationen\",\"Handwerk\",\"Holz\",\"Holzverarbeitung\",\"Klimaschutz\",\"Nachhaltigkeit\",\"Natur\",\"Pflanzaktion\",\"Ressourcenschutz\",\"Tischlerei\",\"Tradition\",\"Umwelt\",\"Verantwortung\",\"Werkstoff\",\"Wertsch\u00e4tzung\",\"Zukunft\"],\"articleSection\":{\"1\":\"Blog\"},\"inLanguage\":\"de\",\"potentialAction\":[{\"@type\":\"CommentAction\",\"name\":\"Comment\",\"target\":[\"https:\\\/\\\/tischlerei-stegemann.de\\\/wordpress\\\/index.php\\\/2025\\\/09\\\/05\\\/baumpflanz-challenge\\\/#respond\"]}]},{\"@type\":\"WebPage\",\"@id\":\"https:\\\/\\\/tischlerei-stegemann.de\\\/wordpress\\\/index.php\\\/2025\\\/09\\\/05\\\/baumpflanz-challenge\\\/\",\"url\":\"https:\\\/\\\/tischlerei-stegemann.de\\\/wordpress\\\/index.php\\\/2025\\\/09\\\/05\\\/baumpflanz-challenge\\\/\",\"name\":\"Baumpflanz-Challenge - Tischlerei Stegemann\",\"isPartOf\":{\"@id\":\"https:\\\/\\\/tischlerei-stegemann.de\\\/wordpress\\\/#website\"},\"datePublished\":\"2025-09-05T16:29:46+00:00\",\"dateModified\":\"2025-09-05T16:39:00+00:00\",\"breadcrumb\":{\"@id\":\"https:\\\/\\\/tischlerei-stegemann.de\\\/wordpress\\\/index.php\\\/2025\\\/09\\\/05\\\/baumpflanz-challenge\\\/#breadcrumb\"},\"inLanguage\":\"de\",\"potentialAction\":[{\"@type\":\"ReadAction\",\"target\":[\"https:\\\/\\\/tischlerei-stegemann.de\\\/wordpress\\\/index.php\\\/2025\\\/09\\\/05\\\/baumpflanz-challenge\\\/\"]}]},{\"@type\":\"BreadcrumbList\",\"@id\":\"https:\\\/\\\/tischlerei-stegemann.de\\\/wordpress\\\/index.php\\\/2025\\\/09\\\/05\\\/baumpflanz-challenge\\\/#breadcrumb\",\"itemListElement\":[{\"@type\":\"ListItem\",\"position\":1,\"name\":\"Startseite\",\"item\":\"https:\\\/\\\/tischlerei-stegemann.de\\\/wordpress\\\/\"},{\"@type\":\"ListItem\",\"position\":2,\"name\":\"Baumpflanz-Challenge\"}]},{\"@type\":\"WebSite\",\"@id\":\"https:\\\/\\\/tischlerei-stegemann.de\\\/wordpress\\\/#website\",\"url\":\"https:\\\/\\\/tischlerei-stegemann.de\\\/wordpress\\\/\",\"name\":\"Tischlerei Stegemann\",\"description\":\"Ideen aus Holz\",\"publisher\":{\"@id\":\"https:\\\/\\\/tischlerei-stegemann.de\\\/wordpress\\\/#organization\"},\"potentialAction\":[{\"@type\":\"SearchAction\",\"target\":{\"@type\":\"EntryPoint\",\"urlTemplate\":\"https:\\\/\\\/tischlerei-stegemann.de\\\/wordpress\\\/?s={search_term_string}\"},\"query-input\":{\"@type\":\"PropertyValueSpecification\",\"valueRequired\":true,\"valueName\":\"search_term_string\"}}],\"inLanguage\":\"de\"},{\"@type\":\"Organization\",\"@id\":\"https:\\\/\\\/tischlerei-stegemann.de\\\/wordpress\\\/#organization\",\"name\":\"Tischlerei Stegemann\",\"url\":\"https:\\\/\\\/tischlerei-stegemann.de\\\/wordpress\\\/\",\"logo\":{\"@type\":\"ImageObject\",\"inLanguage\":\"de\",\"@id\":\"https:\\\/\\\/tischlerei-stegemann.de\\\/wordpress\\\/#\\\/schema\\\/logo\\\/image\\\/\",\"url\":\"https:\\\/\\\/tischlerei-stegemann.de\\\/wordpress\\\/wp-content\\\/uploads\\\/2022\\\/03\\\/Logo.png\",\"contentUrl\":\"https:\\\/\\\/tischlerei-stegemann.de\\\/wordpress\\\/wp-content\\\/uploads\\\/2022\\\/03\\\/Logo.png\",\"width\":250,\"height\":149,\"caption\":\"Tischlerei Stegemann\"},\"image\":{\"@id\":\"https:\\\/\\\/tischlerei-stegemann.de\\\/wordpress\\\/#\\\/schema\\\/logo\\\/image\\\/\"},\"sameAs\":[\"https:\\\/\\\/www.facebook.com\\\/profile.php?id=100092535129653\",\"https:\\\/\\\/www.instagram.com\\\/dietischlerei\\\/\"]},{\"@type\":\"Person\",\"@id\":\"https:\\\/\\\/tischlerei-stegemann.de\\\/wordpress\\\/#\\\/schema\\\/person\\\/edbcf21b9573eec0609596f46eae2168\",\"name\":\"Christian Meesters\",\"image\":{\"@type\":\"ImageObject\",\"inLanguage\":\"de\",\"@id\":\"https:\\\/\\\/secure.gravatar.com\\\/avatar\\\/a5429fc6f8ac1625a48e019c80ea2e2e2615c600bb78b923d9751c59dcba414f?s=96&d=mm&r=g\",\"url\":\"https:\\\/\\\/secure.gravatar.com\\\/avatar\\\/a5429fc6f8ac1625a48e019c80ea2e2e2615c600bb78b923d9751c59dcba414f?s=96&d=mm&r=g\",\"contentUrl\":\"https:\\\/\\\/secure.gravatar.com\\\/avatar\\\/a5429fc6f8ac1625a48e019c80ea2e2e2615c600bb78b923d9751c59dcba414f?s=96&d=mm&r=g\",\"caption\":\"Christian Meesters\"},\"sameAs\":[\"http:\\\/\\\/homann-stegemann-gmbh.it-meesters.de\\\/wordpress\"],\"url\":\"https:\\\/\\\/tischlerei-stegemann.de\\\/wordpress\\\/index.php\\\/author\\\/christian-meesters\\\/\"}]}<\/script>\n<!-- \/ Yoast SEO plugin. -->","yoast_head_json":{"title":"Baumpflanz-Challenge - Tischlerei Stegemann","robots":{"index":"index","follow":"follow","max-snippet":"max-snippet:-1","max-image-preview":"max-image-preview:large","max-video-preview":"max-video-preview:-1"},"canonical":"https:\/\/tischlerei-stegemann.de\/wordpress\/index.php\/2025\/09\/05\/baumpflanz-challenge\/","og_locale":"de_DE","og_type":"article","og_title":"Baumpflanz-Challenge - Tischlerei Stegemann","og_description":"[vc_row][vc_column][vc_column_text css=&#8220;&#8220;]Wir haben uns der Baumpflanz-Challenge gestellt &#8211; und mit Freude gepflanzt! Nominiert von Essmann&#8217;s Backstube. Als Tischlerei arbeiten wir t\u00e4glich mit Holz, einem der wertvollsten und nachhaltigsten Werkstoffe \u00fcberhaupt. Jeder Baum erz\u00e4hlt eine Geschichte, und wir wissen genau, wie viel handwerkliche Qualit\u00e4t und W\u00e4rme in ihm steckt. Darum war es f\u00fcr uns selbstverst\u00e4ndlich, nicht&hellip;","og_url":"https:\/\/tischlerei-stegemann.de\/wordpress\/index.php\/2025\/09\/05\/baumpflanz-challenge\/","og_site_name":"Tischlerei Stegemann","article_publisher":"https:\/\/www.facebook.com\/profile.php?id=100092535129653","article_published_time":"2025-09-05T16:29:46+00:00","article_modified_time":"2025-09-05T16:39:00+00:00","author":"Christian Meesters","twitter_card":"summary_large_image","twitter_misc":{"Verfasst von":"Christian Meesters","Gesch\u00e4tzte Lesezeit":"1\u00a0Minute"},"schema":{"@context":"https:\/\/schema.org","@graph":[{"@type":"Article","@id":"https:\/\/tischlerei-stegemann.de\/wordpress\/index.php\/2025\/09\/05\/baumpflanz-challenge\/#article","isPartOf":{"@id":"https:\/\/tischlerei-stegemann.de\/wordpress\/index.php\/2025\/09\/05\/baumpflanz-challenge\/"},"author":{"name":"Christian Meesters","@id":"https:\/\/tischlerei-stegemann.de\/wordpress\/#\/schema\/person\/edbcf21b9573eec0609596f46eae2168"},"headline":"Baumpflanz-Challenge","datePublished":"2025-09-05T16:29:46+00:00","dateModified":"2025-09-05T16:39:00+00:00","mainEntityOfPage":{"@id":"https:\/\/tischlerei-stegemann.de\/wordpress\/index.php\/2025\/09\/05\/baumpflanz-challenge\/"},"wordCount":147,"commentCount":0,"publisher":{"@id":"https:\/\/tischlerei-stegemann.de\/wordpress\/#organization"},"keywords":["B\u00e4ume pflanzen","Baumpflanz-Challenge","Essmann\u2019s Backstube","Generationen","Handwerk","Holz","Holzverarbeitung","Klimaschutz","Nachhaltigkeit","Natur","Pflanzaktion","Ressourcenschutz","Tischlerei","Tradition","Umwelt","Verantwortung","Werkstoff","Wertsch\u00e4tzung","Zukunft"],"articleSection":{"1":"Blog"},"inLanguage":"de","potentialAction":[{"@type":"CommentAction","name":"Comment","target":["https:\/\/tischlerei-stegemann.de\/wordpress\/index.php\/2025\/09\/05\/baumpflanz-challenge\/#respond"]}]},{"@type":"WebPage","@id":"https:\/\/tischlerei-stegemann.de\/wordpress\/index.php\/2025\/09\/05\/baumpflanz-challenge\/","url":"https:\/\/tischlerei-stegemann.de\/wordpress\/index.php\/2025\/09\/05\/baumpflanz-challenge\/","name":"Baumpflanz-Challenge - Tischlerei Stegemann","isPartOf":{"@id":"https:\/\/tischlerei-stegemann.de\/wordpress\/#website"},"datePublished":"2025-09-05T16:29:46+00:00","dateModified":"2025-09-05T16:39:00+00:00","breadcrumb":{"@id":"https:\/\/tischlerei-stegemann.de\/wordpress\/index.php\/2025\/09\/05\/baumpflanz-challenge\/#breadcrumb"},"inLanguage":"de","potentialAction":[{"@type":"ReadAction","target":["https:\/\/tischlerei-stegemann.de\/wordpress\/index.php\/2025\/09\/05\/baumpflanz-challenge\/"]}]},{"@type":"BreadcrumbList","@id":"https:\/\/tischlerei-stegemann.de\/wordpress\/index.php\/2025\/09\/05\/baumpflanz-challenge\/#breadcrumb","itemListElement":[{"@type":"ListItem","position":1,"name":"Startseite","item":"https:\/\/tischlerei-stegemann.de\/wordpress\/"},{"@type":"ListItem","position":2,"name":"Baumpflanz-Challenge"}]},{"@type":"WebSite","@id":"https:\/\/tischlerei-stegemann.de\/wordpress\/#website","url":"https:\/\/tischlerei-stegemann.de\/wordpress\/","name":"Tischlerei Stegemann","description":"Ideen aus Holz","publisher":{"@id":"https:\/\/tischlerei-stegemann.de\/wordpress\/#organization"},"potentialAction":[{"@type":"SearchAction","target":{"@type":"EntryPoint","urlTemplate":"https:\/\/tischlerei-stegemann.de\/wordpress\/?s={search_term_string}"},"query-input":{"@type":"PropertyValueSpecification","valueRequired":true,"valueName":"search_term_string"}}],"inLanguage":"de"},{"@type":"Organization","@id":"https:\/\/tischlerei-stegemann.de\/wordpress\/#organization","name":"Tischlerei Stegemann","url":"https:\/\/tischlerei-stegemann.de\/wordpress\/","logo":{"@type":"ImageObject","inLanguage":"de","@id":"https:\/\/tischlerei-stegemann.de\/wordpress\/#\/schema\/logo\/image\/","url":"https:\/\/tischlerei-stegemann.de\/wordpress\/wp-content\/uploads\/2022\/03\/Logo.png","contentUrl":"https:\/\/tischlerei-stegemann.de\/wordpress\/wp-content\/uploads\/2022\/03\/Logo.png","width":250,"height":149,"caption":"Tischlerei Stegemann"},"image":{"@id":"https:\/\/tischlerei-stegemann.de\/wordpress\/#\/schema\/logo\/image\/"},"sameAs":["https:\/\/www.facebook.com\/profile.php?id=100092535129653","https:\/\/www.instagram.com\/dietischlerei\/"]},{"@type":"Person","@id":"https:\/\/tischlerei-stegemann.de\/wordpress\/#\/schema\/person\/edbcf21b9573eec0609596f46eae2168","name":"Christian Meesters","image":{"@type":"ImageObject","inLanguage":"de","@id":"https:\/\/secure.gravatar.com\/avatar\/a5429fc6f8ac1625a48e019c80ea2e2e2615c600bb78b923d9751c59dcba414f?s=96&d=mm&r=g","url":"https:\/\/secure.gravatar.com\/avatar\/a5429fc6f8ac1625a48e019c80ea2e2e2615c600bb78b923d9751c59dcba414f?s=96&d=mm&r=g","contentUrl":"https:\/\/secure.gravatar.com\/avatar\/a5429fc6f8ac1625a48e019c80ea2e2e2615c600bb78b923d9751c59dcba414f?s=96&d=mm&r=g","caption":"Christian Meesters"},"sameAs":["http:\/\/homann-stegemann-gmbh.it-meesters.de\/wordpress"],"url":"https:\/\/tischlerei-stegemann.de\/wordpress\/index.php\/author\/christian-meesters\/"}]}},"jetpack_publicize_connections":[],"jetpack_featured_media_url":"","jetpack_sharing_enabled":true,"jetpack_likes_enabled":true,"_links":{"self":[{"href":"https:\/\/tischlerei-stegemann.de\/wordpress\/index.php\/wp-json\/wp\/v2\/posts\/1712","targetHints":{"allow":["GET"]}}],"collection":[{"href":"https:\/\/tischlerei-stegemann.de\/wordpress\/index.php\/wp-json\/wp\/v2\/posts"}],"about":[{"href":"https:\/\/tischlerei-stegemann.de\/wordpress\/index.php\/wp-json\/wp\/v2\/types\/post"}],"author":[{"embeddable":true,"href":"https:\/\/tischlerei-stegemann.de\/wordpress\/index.php\/wp-json\/wp\/v2\/users\/1"}],"replies":[{"embeddable":true,"href":"https:\/\/tischlerei-stegemann.de\/wordpress\/index.php\/wp-json\/wp\/v2\/comments?post=1712"}],"version-history":[{"count":4,"href":"https:\/\/tischlerei-stegemann.de\/wordpress\/index.php\/wp-json\/wp\/v2\/posts\/1712\/revisions"}],"predecessor-version":[{"id":1714,"href":"https:\/\/tischlerei-stegemann.de\/wordpress\/index.php\/wp-json\/wp\/v2\/posts\/1712\/revisions\/1714"}],"wp:attachment":[{"href":"https:\/\/tischlerei-stegemann.de\/wordpress\/index.php\/wp-json\/wp\/v2\/media?parent=1712"}],"wp:term":[{"taxonomy":"category","embeddable":true,"href":"https:\/\/tischlerei-stegemann.de\/wordpress\/index.php\/wp-json\/wp\/v2\/categories?post=1712"},{"taxonomy":"post_tag","embeddable":true,"href":"https:\/\/tischlerei-stegemann.de\/wordpress\/index.php\/wp-json\/wp\/v2\/tags?post=1712"}],"curies":[{"name":"wp","href":"https:\/\/api.w.org\/{rel}","templated":true}]}}